{"id":848,"date":"2025-05-07T12:34:20","date_gmt":"2025-05-07T10:34:20","guid":{"rendered":"https:\/\/fwstockheim.de\/?p=848"},"modified":"2025-05-23T15:57:08","modified_gmt":"2025-05-23T13:57:08","slug":"150-jahre-feuerwehr-stockheim-danke","status":"publish","type":"post","link":"https:\/\/fwstockheim.de\/?p=848","title":{"rendered":"150 Jahre Feuerwehr Stockheim &#8211; DANKE"},"content":{"rendered":"<div class=\"xdj266r x11i5rnm xat24cr x1mh8g0r x1vvkbs x126k92a\">\n<div dir=\"auto\" style=\"text-align: center;\"><a href=\"https:\/\/fwstockheim.de\/?page_id=776\">Hier findet ihr die Bilder vom Fest&#8230;<\/a><\/div>\n<div dir=\"auto\"><\/div>\n<div dir=\"auto\" style=\"text-align: center;\"><span style=\"letter-spacing: -0.015em;\">Vier Tage lang haben wir mit EUCH gefeiert!<\/span><\/div>\n<\/div>\n<div class=\"x11i5rnm xat24cr x1mh8g0r x1vvkbs xtlvy1s x126k92a\" style=\"text-align: center;\">\n<div dir=\"auto\">Zeit, DANKE zu sagen:<\/div>\n<\/div>\n<div class=\"x11i5rnm xat24cr x1mh8g0r x1vvkbs xtlvy1s x126k92a\" style=\"text-align: center;\">\n<div dir=\"auto\">Allen Personen und Vereinen, die uns personell oder materiell unterst\u00fctzt haben.<\/div>\n<\/div>\n<div class=\"x11i5rnm xat24cr x1mh8g0r x1vvkbs xtlvy1s x126k92a\" style=\"text-align: center;\">\n<div dir=\"auto\">Allen, die uns durch Spenden unterst\u00fctzt haben.<\/div>\n<\/div>\n<div class=\"x11i5rnm xat24cr x1mh8g0r x1vvkbs xtlvy1s x126k92a\" style=\"text-align: center;\">\n<div dir=\"auto\">Den Musikerinnen und Musikern f\u00fcr die musikalische Umrahmung.<\/div>\n<\/div>\n<div class=\"x11i5rnm xat24cr x1mh8g0r x1vvkbs xtlvy1s x126k92a\" style=\"text-align: center;\">\n<div dir=\"auto\">Dem B\u00fcrgermeister, der Gemeindeverwaltung sowie dem Bauhof Stockheim.<\/div>\n<\/div>\n<div class=\"x11i5rnm xat24cr x1mh8g0r x1vvkbs xtlvy1s x126k92a\" style=\"text-align: center;\">\n<div dir=\"auto\">Allen Firmen die uns beliefert oder anderweitig unterst\u00fctzt haben.<\/div>\n<div dir=\"auto\"><\/div>\n<\/div>\n<div class=\"x11i5rnm xat24cr x1mh8g0r x1vvkbs xtlvy1s x126k92a\" style=\"text-align: center;\">\n<div dir=\"auto\">UND LAST BUT NOT LEAST<\/div>\n<div dir=\"auto\">ALLEN BESUCHERN F\u00dcR DIE TOLLE STIMMUNG UND<\/div>\n<div dir=\"auto\">DEN FRIEDLICHEN VERLAUF<\/div>\n<\/div>\n<div class=\"x11i5rnm xat24cr x1mh8g0r x1vvkbs xtlvy1s x126k92a\" style=\"text-align: center;\">\n<div dir=\"auto\">DANKE DANKE DANKE<\/div>\n<div dir=\"auto\"><\/div>\n<\/div>\n<div class=\"x11i5rnm xat24cr x1mh8g0r x1vvkbs xtlvy1s x126k92a\">\n<div dir=\"auto\" style=\"text-align: center;\"><a href=\"https:\/\/fwstockheim.de\/?page_id=776\">Hier findet ihr die Bilder vom Fest&#8230;<\/a><\/div>\n<\/div>\n","protected":false},"excerpt":{"rendered":"<p>Hier findet ihr die Bilder vom Fest&#8230; Vier Tage lang haben wir mit EUCH gefeiert! Zeit, DANKE zu sagen: Allen Personen und Vereinen, die uns personell oder materiell unterst\u00fctzt haben. Allen, die uns durch Spenden unterst\u00fctzt haben. Den Musikerinnen und Musikern f\u00fcr die musikalische Umrahmung. Dem B\u00fcrgermeister, der Gemeindeverwaltung sowie dem Bauhof Stockheim. Allen Firmen [&hellip;]<\/p>\n","protected":false},"author":1,"featured_media":0,"comment_status":"open","ping_status":"open","sticky":false,"template":"","format":"standard","meta":{"footnotes":""},"categories":[1],"tags":[],"class_list":["post-848","post","type-post","status-publish","format-standard","hentry","category-allgemein"],"_links":{"self":[{"href":"https:\/\/fwstockheim.de\/index.php?rest_route=\/wp\/v2\/posts\/848","targetHints":{"allow":["GET"]}}],"collection":[{"href":"https:\/\/fwstockheim.de\/index.php?rest_route=\/wp\/v2\/posts"}],"about":[{"href":"https:\/\/fwstockheim.de\/index.php?rest_route=\/wp\/v2\/types\/post"}],"author":[{"embeddable":true,"href":"https:\/\/fwstockheim.de\/index.php?rest_route=\/wp\/v2\/users\/1"}],"replies":[{"embeddable":true,"href":"https:\/\/fwstockheim.de\/index.php?rest_route=%2Fwp%2Fv2%2Fcomments&post=848"}],"version-history":[{"count":3,"href":"https:\/\/fwstockheim.de\/index.php?rest_route=\/wp\/v2\/posts\/848\/revisions"}],"predecessor-version":[{"id":1600,"href":"https:\/\/fwstockheim.de\/index.php?rest_route=\/wp\/v2\/posts\/848\/revisions\/1600"}],"wp:attachment":[{"href":"https:\/\/fwstockheim.de\/index.php?rest_route=%2Fwp%2Fv2%2Fmedia&parent=848"}],"wp:term":[{"taxonomy":"category","embeddable":true,"href":"https:\/\/fwstockheim.de\/index.php?rest_route=%2Fwp%2Fv2%2Fcategories&post=848"},{"taxonomy":"post_tag","embeddable":true,"href":"https:\/\/fwstockheim.de\/index.php?rest_route=%2Fwp%2Fv2%2Ftags&post=848"}],"curies":[{"name":"wp","href":"https:\/\/api.w.org\/{rel}","templated":true}]}}