{"id":739,"date":"2025-04-27T10:26:26","date_gmt":"2025-04-27T08:26:26","guid":{"rendered":"https:\/\/fwstockheim.de\/?p=739"},"modified":"2025-04-30T22:32:57","modified_gmt":"2025-04-30T20:32:57","slug":"faqs-haeufige-fragen-zum-feuerwehrfest","status":"publish","type":"post","link":"https:\/\/fwstockheim.de\/?p=739","title":{"rendered":"FAQs &#8211; H\u00e4ufige Fragen zum Feuerwehrfest"},"content":{"rendered":"\n<p><strong>Wann ist was? (Zeitplan)<\/strong><\/p>\n\n\n\n<figure class=\"wp-block-image size-full\"><img loading=\"lazy\" decoding=\"async\" width=\"787\" height=\"941\" src=\"https:\/\/fwstockheim.de\/wp-content\/uploads\/2025\/04\/2025-04-27_23h27_37.png\" alt=\"\" class=\"wp-image-763\" srcset=\"https:\/\/fwstockheim.de\/wp-content\/uploads\/2025\/04\/2025-04-27_23h27_37.png 787w, https:\/\/fwstockheim.de\/wp-content\/uploads\/2025\/04\/2025-04-27_23h27_37-251x300.png 251w, https:\/\/fwstockheim.de\/wp-content\/uploads\/2025\/04\/2025-04-27_23h27_37-768x918.png 768w\" sizes=\"auto, (max-width: 787px) 100vw, 787px\" \/><\/figure>\n\n\n\n<p><strong>Wo ist der Festplatz?<\/strong> <br>Direkt am Feuerwehrhaus <br>(Rathausstr. 3, 96342 Stockheim)<\/p>\n\n\n\n<p><strong>Wo kann man Parken?<\/strong><br>Behindertenparkpl\u00e4tze hinter dem Rathaus.<br><em><strong>Bitte beachtet, dass wir JEDERZEIT mit unseren Einsatzfahrzeugen<br>ausr\u00fccken k\u00f6nnen m\u00fcssen und haltet die Zufahrtswege frei!<\/strong><\/em><br>In sehr begrenzter Zahl stehen Parkpl\u00e4tze am Seitenstreifen im<br>Wohngebiet \u201eAn der Hasslach\u201c zur Verf\u00fcgung.<br>Bitte nutzt daher vorrangig die ausgewiesenen Parkfl\u00e4chen:<\/p>\n\n\n\n<figure class=\"wp-block-image size-full\"><img loading=\"lazy\" decoding=\"async\" width=\"424\" height=\"505\" src=\"https:\/\/fwstockheim.de\/wp-content\/uploads\/2025\/04\/ParkplaetzeP1_3.jpg\" alt=\"\" class=\"wp-image-750\" srcset=\"https:\/\/fwstockheim.de\/wp-content\/uploads\/2025\/04\/ParkplaetzeP1_3.jpg 424w, https:\/\/fwstockheim.de\/wp-content\/uploads\/2025\/04\/ParkplaetzeP1_3-252x300.jpg 252w\" sizes=\"auto, (max-width: 424px) 100vw, 424px\" \/><\/figure>\n\n\n\n<p><strong>Welchen Weg nimmt der gro\u00dfe Festumzug am Sonntag?<\/strong><br>Der Festzug marschiert vom Dorfplatz \u00fcber die Bergwerksstra\u00dfe und die Eisenbahnbr\u00fccke auf die B85 bis zur Einm\u00fcndung Rathausstra\u00dfe und zum Festplatz am Feuerwehrhaus.<\/p>\n\n\n\n<p><strong>Wo gibt es Informationen f\u00fcr Teilnehmer des Festumzuges?<\/strong><br><a href=\"https:\/\/fwstockheim.de\/?page_id=713\" data-type=\"page\" data-id=\"713\">HIER DR\u00dcCKEN<\/a><\/p>\n\n\n\n<p><strong>Welche Speisen werden angeboten?<\/strong><br><a href=\"https:\/\/fwstockheim.de\/?page_id=719#Speisen\" data-type=\"page\" data-id=\"719\">HIER DR\u00dcCKEN<\/a><\/p>\n\n\n\n<p><strong>Das alles und mehr findet ihr auch nochmal im eigenen Bereich:<\/strong><br><a href=\"https:\/\/fwstockheim.de\/?page_id=711\" data-type=\"page\" data-id=\"711\"><strong>150 Jahre Feuerwehr Stockheim<\/strong><\/a><\/p>\n\n\n\n<p><\/p>\n","protected":false},"excerpt":{"rendered":"<p>Wann ist was? (Zeitplan) Wo ist der Festplatz? Direkt am Feuerwehrhaus (Rathausstr. 3, 96342 Stockheim) Wo kann man Parken?Behindertenparkpl\u00e4tze hinter dem Rathaus.Bitte beachtet, dass wir JEDERZEIT mit unseren Einsatzfahrzeugenausr\u00fccken k\u00f6nnen m\u00fcssen und haltet die Zufahrtswege frei!In sehr begrenzter Zahl stehen Parkpl\u00e4tze am Seitenstreifen imWohngebiet \u201eAn der Hasslach\u201c zur Verf\u00fcgung.Bitte nutzt daher vorrangig die ausgewiesenen Parkfl\u00e4chen: [&hellip;]<\/p>\n","protected":false},"author":1,"featured_media":0,"comment_status":"open","ping_status":"open","sticky":false,"template":"","format":"standard","meta":{"footnotes":""},"categories":[1],"tags":[],"class_list":["post-739","post","type-post","status-publish","format-standard","hentry","category-allgemein"],"_links":{"self":[{"href":"https:\/\/fwstockheim.de\/index.php?rest_route=\/wp\/v2\/posts\/739","targetHints":{"allow":["GET"]}}],"collection":[{"href":"https:\/\/fwstockheim.de\/index.php?rest_route=\/wp\/v2\/posts"}],"about":[{"href":"https:\/\/fwstockheim.de\/index.php?rest_route=\/wp\/v2\/types\/post"}],"author":[{"embeddable":true,"href":"https:\/\/fwstockheim.de\/index.php?rest_route=\/wp\/v2\/users\/1"}],"replies":[{"embeddable":true,"href":"https:\/\/fwstockheim.de\/index.php?rest_route=%2Fwp%2Fv2%2Fcomments&post=739"}],"version-history":[{"count":14,"href":"https:\/\/fwstockheim.de\/index.php?rest_route=\/wp\/v2\/posts\/739\/revisions"}],"predecessor-version":[{"id":779,"href":"https:\/\/fwstockheim.de\/index.php?rest_route=\/wp\/v2\/posts\/739\/revisions\/779"}],"wp:attachment":[{"href":"https:\/\/fwstockheim.de\/index.php?rest_route=%2Fwp%2Fv2%2Fmedia&parent=739"}],"wp:term":[{"taxonomy":"category","embeddable":true,"href":"https:\/\/fwstockheim.de\/index.php?rest_route=%2Fwp%2Fv2%2Fcategories&post=739"},{"taxonomy":"post_tag","embeddable":true,"href":"https:\/\/fwstockheim.de\/index.php?rest_route=%2Fwp%2Fv2%2Ftags&post=739"}],"curies":[{"name":"wp","href":"https:\/\/api.w.org\/{rel}","templated":true}]}}