{"id":601,"date":"2023-07-16T15:43:18","date_gmt":"2023-07-16T13:43:18","guid":{"rendered":"http:\/\/fwstockheim.de\/?p=601"},"modified":"2023-07-16T15:44:30","modified_gmt":"2023-07-16T13:44:30","slug":"jugendgruppe-raeumt-ab","status":"publish","type":"post","link":"https:\/\/fwstockheim.de\/?p=601","title":{"rendered":"Jugendgruppe r\u00e4umt ab"},"content":{"rendered":"<div dir=\"auto\">Beim diesj\u00e4hrigen Kreisleistungsmarsch der Jugendfeuerwehren am Samstag r\u00e4umte die Jugendgruppe Stockheim\/Burggrub sensationell ab: In der &#8222;Hitzeschlacht&#8220; in der Kreisstadt zeigten sie bei 35 Grad, was sie drauf haben und belegten zum wiederholten Male den 1. Platz!<\/div>\n<div dir=\"auto\">Der Wanderpokal bleibt somit bei den Nachwuchsbrandsch\u00fctzern der Bergwerksgemeinde, worauf wir ziemlich stolz sind. <span class=\"x3nfvp2 x1j61x8r x1fcty0u xdj266r xhhsvwb xat24cr xgzva0m xxymvpz xlup9mm x1kky2od\"><img loading=\"lazy\" decoding=\"async\" src=\"https:\/\/static.xx.fbcdn.net\/images\/emoji.php\/v9\/t4c\/1\/16\/1f642.png\" alt=\"\ud83d\ude42\" width=\"16\" height=\"16\"><\/span><\/div>\n<div dir=\"auto\">Und auch bei der parallel stattfindenden &#8222;Olympiade&#8220; der Jugendfeuerwehren setze sich unsere Gruppe an die Spitze!<\/div>\n<div dir=\"auto\">HERZLICHEN <span style=\"letter-spacing: -0.015em;\">GL\u00dcCKWUNSCH, <\/span><span style=\"letter-spacing: -0.015em;\">Respekt und ein gro\u00dfes Dankesch\u00f6n an unsere Teilnehmer aus Burggrub und Stockheim f\u00fcr ihren \u00dcbungsflei\u00df, sowie den Jugendwarten und Betreuern f\u00fcr ihr unerm\u00fcdliches Engagement.<\/span><\/div>\n<div dir=\"auto\"><img loading=\"lazy\" decoding=\"async\" class=\"alignnone size-large wp-image-602\" src=\"https:\/\/fwstockheim.de\/wp-content\/uploads\/2023\/07\/IMG-20230715-WA0006-1024x1021.jpg\" alt=\"\" width=\"580\" height=\"578\" srcset=\"https:\/\/fwstockheim.de\/wp-content\/uploads\/2023\/07\/IMG-20230715-WA0006-1024x1021.jpg 1024w, https:\/\/fwstockheim.de\/wp-content\/uploads\/2023\/07\/IMG-20230715-WA0006-300x300.jpg 300w, https:\/\/fwstockheim.de\/wp-content\/uploads\/2023\/07\/IMG-20230715-WA0006-150x150.jpg 150w, https:\/\/fwstockheim.de\/wp-content\/uploads\/2023\/07\/IMG-20230715-WA0006-768x766.jpg 768w, https:\/\/fwstockheim.de\/wp-content\/uploads\/2023\/07\/IMG-20230715-WA0006-1536x1532.jpg 1536w, https:\/\/fwstockheim.de\/wp-content\/uploads\/2023\/07\/IMG-20230715-WA0006-1200x1196.jpg 1200w, https:\/\/fwstockheim.de\/wp-content\/uploads\/2023\/07\/IMG-20230715-WA0006-1980x1974.jpg 1980w, https:\/\/fwstockheim.de\/wp-content\/uploads\/2023\/07\/IMG-20230715-WA0006.jpg 2048w\" sizes=\"auto, (max-width: 580px) 100vw, 580px\" \/> <img loading=\"lazy\" decoding=\"async\" class=\"alignnone size-large wp-image-603\" src=\"https:\/\/fwstockheim.de\/wp-content\/uploads\/2023\/07\/IMG-20230715-WA0014-1024x768.jpg\" alt=\"\" width=\"580\" height=\"435\" srcset=\"https:\/\/fwstockheim.de\/wp-content\/uploads\/2023\/07\/IMG-20230715-WA0014-1024x768.jpg 1024w, https:\/\/fwstockheim.de\/wp-content\/uploads\/2023\/07\/IMG-20230715-WA0014-300x225.jpg 300w, https:\/\/fwstockheim.de\/wp-content\/uploads\/2023\/07\/IMG-20230715-WA0014-768x576.jpg 768w, https:\/\/fwstockheim.de\/wp-content\/uploads\/2023\/07\/IMG-20230715-WA0014-1536x1152.jpg 1536w, https:\/\/fwstockheim.de\/wp-content\/uploads\/2023\/07\/IMG-20230715-WA0014-1200x900.jpg 1200w, https:\/\/fwstockheim.de\/wp-content\/uploads\/2023\/07\/IMG-20230715-WA0014-1980x1485.jpg 1980w, https:\/\/fwstockheim.de\/wp-content\/uploads\/2023\/07\/IMG-20230715-WA0014.jpg 2048w\" sizes=\"auto, (max-width: 580px) 100vw, 580px\" \/><\/div>\n","protected":false},"excerpt":{"rendered":"<p>Beim diesj\u00e4hrigen Kreisleistungsmarsch der Jugendfeuerwehren am Samstag r\u00e4umte die Jugendgruppe Stockheim\/Burggrub sensationell ab: In der &#8222;Hitzeschlacht&#8220; in der Kreisstadt zeigten sie bei 35 Grad, was sie drauf haben und belegten zum wiederholten Male den 1. Platz! Der Wanderpokal bleibt somit bei den Nachwuchsbrandsch\u00fctzern der Bergwerksgemeinde, worauf wir ziemlich stolz sind. Und auch bei der parallel [&hellip;]<\/p>\n","protected":false},"author":1,"featured_media":0,"comment_status":"open","ping_status":"open","sticky":false,"template":"","format":"standard","meta":{"footnotes":""},"categories":[1],"tags":[],"class_list":["post-601","post","type-post","status-publish","format-standard","hentry","category-allgemein"],"_links":{"self":[{"href":"https:\/\/fwstockheim.de\/index.php?rest_route=\/wp\/v2\/posts\/601","targetHints":{"allow":["GET"]}}],"collection":[{"href":"https:\/\/fwstockheim.de\/index.php?rest_route=\/wp\/v2\/posts"}],"about":[{"href":"https:\/\/fwstockheim.de\/index.php?rest_route=\/wp\/v2\/types\/post"}],"author":[{"embeddable":true,"href":"https:\/\/fwstockheim.de\/index.php?rest_route=\/wp\/v2\/users\/1"}],"replies":[{"embeddable":true,"href":"https:\/\/fwstockheim.de\/index.php?rest_route=%2Fwp%2Fv2%2Fcomments&post=601"}],"version-history":[{"count":2,"href":"https:\/\/fwstockheim.de\/index.php?rest_route=\/wp\/v2\/posts\/601\/revisions"}],"predecessor-version":[{"id":605,"href":"https:\/\/fwstockheim.de\/index.php?rest_route=\/wp\/v2\/posts\/601\/revisions\/605"}],"wp:attachment":[{"href":"https:\/\/fwstockheim.de\/index.php?rest_route=%2Fwp%2Fv2%2Fmedia&parent=601"}],"wp:term":[{"taxonomy":"category","embeddable":true,"href":"https:\/\/fwstockheim.de\/index.php?rest_route=%2Fwp%2Fv2%2Fcategories&post=601"},{"taxonomy":"post_tag","embeddable":true,"href":"https:\/\/fwstockheim.de\/index.php?rest_route=%2Fwp%2Fv2%2Ftags&post=601"}],"curies":[{"name":"wp","href":"https:\/\/api.w.org\/{rel}","templated":true}]}}