{"id":510,"date":"2022-05-21T11:29:30","date_gmt":"2022-05-21T09:29:30","guid":{"rendered":"http:\/\/fwstockheim.de\/?p=510"},"modified":"2022-05-21T11:29:30","modified_gmt":"2022-05-21T09:29:30","slug":"fahrzeug-und-gebaeudeweihe","status":"publish","type":"post","link":"https:\/\/fwstockheim.de\/?p=510","title":{"rendered":"Fahrzeug\u2013 und Geb\u00e4udeweihe"},"content":{"rendered":"<p style=\"text-align: center;\"><strong>Sonntag, 17. Juli<\/strong><\/p>\n<p style=\"text-align: center;\"><strong><em>8:30 Uhr \u2014 Kirchenparade<br \/>\n<\/em><\/strong>ab Altenpflegeheim \u201eHa\u00dflach-Blick\u201c<\/p>\n<p style=\"text-align: center;\"><strong><em>8:45 Uhr \u2014 Festgottesdienst<br \/>\n<\/em><\/strong>im Ger\u00e4tehaus<br \/>\n<strong><em>anschlie\u00dfend Gru\u00dfworte<\/em><\/strong> und Fr\u00fchschoppen<\/p>\n<p style=\"text-align: center;\"><strong>\u00a0<\/strong><strong><em>Ab 13 Uhr \u201eTag der offenen T\u00fcr\u201c <\/em><\/strong><strong><br \/>\n<\/strong>mit Kaffee &amp; Kuchen, Bratw\u00fcrsten, Steaks,<br \/>\nKinderprogramm, Vorf\u00fchrungen und Fahrzeugschau<\/p>\n<p><img loading=\"lazy\" decoding=\"async\" class=\"alignnone size-large wp-image-511\" src=\"https:\/\/fwstockheim.de\/wp-content\/uploads\/2022\/05\/DSC_0059_1-1024x683.jpg\" alt=\"\" width=\"580\" height=\"387\" srcset=\"https:\/\/fwstockheim.de\/wp-content\/uploads\/2022\/05\/DSC_0059_1-1024x683.jpg 1024w, https:\/\/fwstockheim.de\/wp-content\/uploads\/2022\/05\/DSC_0059_1-300x200.jpg 300w, https:\/\/fwstockheim.de\/wp-content\/uploads\/2022\/05\/DSC_0059_1-768x512.jpg 768w, https:\/\/fwstockheim.de\/wp-content\/uploads\/2022\/05\/DSC_0059_1-1536x1024.jpg 1536w, https:\/\/fwstockheim.de\/wp-content\/uploads\/2022\/05\/DSC_0059_1-2048x1365.jpg 2048w, https:\/\/fwstockheim.de\/wp-content\/uploads\/2022\/05\/DSC_0059_1-1200x800.jpg 1200w, https:\/\/fwstockheim.de\/wp-content\/uploads\/2022\/05\/DSC_0059_1-1980x1320.jpg 1980w, https:\/\/fwstockheim.de\/wp-content\/uploads\/2022\/05\/DSC_0059_1-272x182.jpg 272w\" sizes=\"auto, (max-width: 580px) 100vw, 580px\" \/><\/p>\n","protected":false},"excerpt":{"rendered":"<p>Sonntag, 17. Juli 8:30 Uhr \u2014 Kirchenparade ab Altenpflegeheim \u201eHa\u00dflach-Blick\u201c 8:45 Uhr \u2014 Festgottesdienst im Ger\u00e4tehaus anschlie\u00dfend Gru\u00dfworte und Fr\u00fchschoppen \u00a0Ab 13 Uhr \u201eTag der offenen T\u00fcr\u201c mit Kaffee &amp; Kuchen, Bratw\u00fcrsten, Steaks, Kinderprogramm, Vorf\u00fchrungen und Fahrzeugschau<\/p>\n","protected":false},"author":1,"featured_media":0,"comment_status":"open","ping_status":"open","sticky":false,"template":"","format":"standard","meta":{"footnotes":""},"categories":[1],"tags":[],"class_list":["post-510","post","type-post","status-publish","format-standard","hentry","category-allgemein"],"_links":{"self":[{"href":"https:\/\/fwstockheim.de\/index.php?rest_route=\/wp\/v2\/posts\/510","targetHints":{"allow":["GET"]}}],"collection":[{"href":"https:\/\/fwstockheim.de\/index.php?rest_route=\/wp\/v2\/posts"}],"about":[{"href":"https:\/\/fwstockheim.de\/index.php?rest_route=\/wp\/v2\/types\/post"}],"author":[{"embeddable":true,"href":"https:\/\/fwstockheim.de\/index.php?rest_route=\/wp\/v2\/users\/1"}],"replies":[{"embeddable":true,"href":"https:\/\/fwstockheim.de\/index.php?rest_route=%2Fwp%2Fv2%2Fcomments&post=510"}],"version-history":[{"count":1,"href":"https:\/\/fwstockheim.de\/index.php?rest_route=\/wp\/v2\/posts\/510\/revisions"}],"predecessor-version":[{"id":512,"href":"https:\/\/fwstockheim.de\/index.php?rest_route=\/wp\/v2\/posts\/510\/revisions\/512"}],"wp:attachment":[{"href":"https:\/\/fwstockheim.de\/index.php?rest_route=%2Fwp%2Fv2%2Fmedia&parent=510"}],"wp:term":[{"taxonomy":"category","embeddable":true,"href":"https:\/\/fwstockheim.de\/index.php?rest_route=%2Fwp%2Fv2%2Fcategories&post=510"},{"taxonomy":"post_tag","embeddable":true,"href":"https:\/\/fwstockheim.de\/index.php?rest_route=%2Fwp%2Fv2%2Ftags&post=510"}],"curies":[{"name":"wp","href":"https:\/\/api.w.org\/{rel}","templated":true}]}}