{"id":320,"date":"2021-03-14T20:44:01","date_gmt":"2021-03-14T19:44:01","guid":{"rendered":"http:\/\/fwstockheim.de\/?p=320"},"modified":"2021-03-14T20:44:01","modified_gmt":"2021-03-14T19:44:01","slug":"neue-schutzkleidung","status":"publish","type":"post","link":"https:\/\/fwstockheim.de\/?p=320","title":{"rendered":"Neue Schutzkleidung"},"content":{"rendered":"<p>Die Atemschutzger\u00e4tetr\u00e4ger der Feuerwehr Stockheim erhielten am Wochenende ihre neuen Anz\u00fcge. Die bisherige Kleidung war gr\u00f6\u00dftenteils deutlich \u00e4lter als 15 Jahre \u2013 somit war Ersatz notwendig geworden. Eine Arbeitsgruppe hatte sich ausf\u00fchrlich mit der Auswahl eines geeigneten Modells besch\u00e4ftigt, welches den sich st\u00e4ndig ver\u00e4ndernden Anforderungen gerecht wird. Im Laufe der Marktsondierung wurde nicht nur ein Kriterienkatalog hierf\u00fcr erarbeitet \u2013 verschiedene Anz\u00fcge die es in die n\u00e4here Auswahl geschafft hatten wurden zun\u00e4chst probegetragen, um sie auf ihre Einsatztauglichkeit zu testen.<\/p>\n<p>Schlie\u00dflich hatte der Gemeinderat im Jahr 2020 dankenswerterweise der geplanten Anschaffung zugestimmt. F\u00fcr eine begrenzte St\u00fcckzahl der Anz\u00fcge wird zudem ein staatlicher Zuschuss gew\u00e4hrt.<\/p>\n<p>F\u00fcr die Feuerwehr Stockheim wurden jeweils \u00fcber 20 Jacken und Hosen beschafft. Diese weisen spezielle Eigenschaften und Materialien auf, um den Tr\u00e4ger vor den Gefahren bei einer Brandbek\u00e4mpfung, z.B. einem Wohnungsbrand, zu sch\u00fctzen. Dabei sind in der Regel Temperaturen von 800 Grad Celsius und mehr zu erwarten.<\/p>\n<p>Ein Dankesch\u00f6n geht in diesem Zusammenhang neben dem Gemeinderat an die Mitglieder der Arbeitsgruppe, die Kleiderwarte der gemeindlichen Feuerwehren sowie die Mitarbeiter der Gemeindeverwaltung, die die Beschaffung umgesetzt haben.<\/p>\n<p><img loading=\"lazy\" decoding=\"async\" class=\"alignnone wp-image-321\" src=\"https:\/\/fwstockheim.de\/wp-content\/uploads\/2021\/03\/DSC_0010_unschaerfesw-scaled.jpg\" alt=\"\" width=\"600\" height=\"900\" srcset=\"https:\/\/fwstockheim.de\/wp-content\/uploads\/2021\/03\/DSC_0010_unschaerfesw-scaled.jpg 1706w, https:\/\/fwstockheim.de\/wp-content\/uploads\/2021\/03\/DSC_0010_unschaerfesw-200x300.jpg 200w, https:\/\/fwstockheim.de\/wp-content\/uploads\/2021\/03\/DSC_0010_unschaerfesw-1365x2048.jpg 1365w, https:\/\/fwstockheim.de\/wp-content\/uploads\/2021\/03\/DSC_0010_unschaerfesw-333x500.jpg 333w\" sizes=\"auto, (max-width: 600px) 100vw, 600px\" \/><\/p>\n","protected":false},"excerpt":{"rendered":"<p>Die Atemschutzger\u00e4tetr\u00e4ger der Feuerwehr Stockheim erhielten am Wochenende ihre neuen Anz\u00fcge. Die bisherige Kleidung war gr\u00f6\u00dftenteils deutlich \u00e4lter als 15 Jahre \u2013 somit war Ersatz notwendig geworden. Eine Arbeitsgruppe hatte sich ausf\u00fchrlich mit der Auswahl eines geeigneten Modells besch\u00e4ftigt, welches den sich st\u00e4ndig ver\u00e4ndernden Anforderungen gerecht wird. Im Laufe der Marktsondierung wurde nicht nur ein [&hellip;]<\/p>\n","protected":false},"author":1,"featured_media":0,"comment_status":"open","ping_status":"open","sticky":false,"template":"","format":"standard","meta":{"footnotes":""},"categories":[1],"tags":[],"class_list":["post-320","post","type-post","status-publish","format-standard","hentry","category-allgemein"],"_links":{"self":[{"href":"https:\/\/fwstockheim.de\/index.php?rest_route=\/wp\/v2\/posts\/320","targetHints":{"allow":["GET"]}}],"collection":[{"href":"https:\/\/fwstockheim.de\/index.php?rest_route=\/wp\/v2\/posts"}],"about":[{"href":"https:\/\/fwstockheim.de\/index.php?rest_route=\/wp\/v2\/types\/post"}],"author":[{"embeddable":true,"href":"https:\/\/fwstockheim.de\/index.php?rest_route=\/wp\/v2\/users\/1"}],"replies":[{"embeddable":true,"href":"https:\/\/fwstockheim.de\/index.php?rest_route=%2Fwp%2Fv2%2Fcomments&post=320"}],"version-history":[{"count":1,"href":"https:\/\/fwstockheim.de\/index.php?rest_route=\/wp\/v2\/posts\/320\/revisions"}],"predecessor-version":[{"id":322,"href":"https:\/\/fwstockheim.de\/index.php?rest_route=\/wp\/v2\/posts\/320\/revisions\/322"}],"wp:attachment":[{"href":"https:\/\/fwstockheim.de\/index.php?rest_route=%2Fwp%2Fv2%2Fmedia&parent=320"}],"wp:term":[{"taxonomy":"category","embeddable":true,"href":"https:\/\/fwstockheim.de\/index.php?rest_route=%2Fwp%2Fv2%2Fcategories&post=320"},{"taxonomy":"post_tag","embeddable":true,"href":"https:\/\/fwstockheim.de\/index.php?rest_route=%2Fwp%2Fv2%2Ftags&post=320"}],"curies":[{"name":"wp","href":"https:\/\/api.w.org\/{rel}","templated":true}]}}