{"id":302,"date":"2020-03-18T21:03:33","date_gmt":"2020-03-18T20:03:33","guid":{"rendered":"http:\/\/fwstockheim.de\/?p=302"},"modified":"2020-03-18T21:05:53","modified_gmt":"2020-03-18T20:05:53","slug":"jahreshauptversammlung-2020","status":"publish","type":"post","link":"https:\/\/fwstockheim.de\/?p=302","title":{"rendered":"Jahreshauptversammlung 2020"},"content":{"rendered":"<p><img loading=\"lazy\" decoding=\"async\" class=\"alignnone size-full wp-image-303\" src=\"https:\/\/fwstockheim.de\/wp-content\/uploads\/2020\/03\/DSC_0113-scaled.jpg\" alt=\"\" width=\"2560\" height=\"1038\" srcset=\"https:\/\/fwstockheim.de\/wp-content\/uploads\/2020\/03\/DSC_0113-scaled.jpg 2560w, https:\/\/fwstockheim.de\/wp-content\/uploads\/2020\/03\/DSC_0113-300x122.jpg 300w, https:\/\/fwstockheim.de\/wp-content\/uploads\/2020\/03\/DSC_0113-1024x415.jpg 1024w, https:\/\/fwstockheim.de\/wp-content\/uploads\/2020\/03\/DSC_0113-768x311.jpg 768w, https:\/\/fwstockheim.de\/wp-content\/uploads\/2020\/03\/DSC_0113-1536x623.jpg 1536w, https:\/\/fwstockheim.de\/wp-content\/uploads\/2020\/03\/DSC_0113-2048x830.jpg 2048w, https:\/\/fwstockheim.de\/wp-content\/uploads\/2020\/03\/DSC_0113-1025x416.jpg 1025w\" sizes=\"auto, (max-width: 2560px) 100vw, 2560px\" \/><\/p>\n<p>An der Jahreshauptversammlung 2020 gaben Vorstand und Kommandant der Feuerwehr Stockheim einen R\u00fcckblick auf das Jahr 2019.<\/p>\n<p>Besonderer Dank galt allen Unterst\u00fctzern und Spendern, welche die Arbeit ihrer \u00f6rtlichen Feuerwehr f\u00f6rdern.<\/p>\n<p>Au\u00dferdem bedankte sich die F\u00fchrung bei allen Kameradinnen und Kameraden &#8211; egal in welcher Funktion &#8211; f\u00fcr die hervorragende Arbeit, die in 2019 geleistet wurde.<\/p>\n<p>Im Rahmen der Versammlung wurden folgende Bef\u00f6rderungen vorgenommen:<\/p>\n<ul>\n<li>Fabian V\u00f6lk\u00a0\u00a0\u00a0\u00a0\u00a0\u00a0\u00a0 \u00a0\u00a0\u00a0\u00a0\u00a0\u00a0\u00a0\u00a0\u00a0\u00a0\u00a0\u00a0\u00a0\u00a0\u00a0\u00a0\u00a0\u00a0 \u00a0\u00a0\u00a0\u00a0\u00a0\u00a0\u00a0\u00a0 Feuerwehrmann<\/li>\n<li>David Kautsch\u00a0\u00a0\u00a0\u00a0\u00a0\u00a0\u00a0\u00a0\u00a0\u00a0\u00a0\u00a0\u00a0\u00a0\u00a0\u00a0\u00a0\u00a0\u00a0\u00a0\u00a0\u00a0\u00a0\u00a0\u00a0\u00a0\u00a0\u00a0\u00a0\u00a0\u00a0 Feuerwehrmann<\/li>\n<li>Sven Suffa\u00a0\u00a0\u00a0\u00a0\u00a0\u00a0\u00a0\u00a0\u00a0\u00a0\u00a0\u00a0\u00a0\u00a0\u00a0\u00a0\u00a0\u00a0\u00a0\u00a0\u00a0\u00a0\u00a0\u00a0\u00a0\u00a0\u00a0\u00a0\u00a0\u00a0\u00a0\u00a0\u00a0\u00a0\u00a0\u00a0\u00a0 Feuerwehrmann<\/li>\n<li>Michael Graf-Schindhelm \u00a0 \u00a0 \u00a0 \u00a0\u00a0 Oberfeuerwehrmann<\/li>\n<li>Laura Wittmann \u00a0 \u00a0 \u00a0 \u00a0 \u00a0 \u00a0 \u00a0 \u00a0 \u00a0 \u00a0 \u00a0 \u00a0 \u00a0 Oberfeuerwehrfrau<\/li>\n<li>Simone Schneider \u00a0 \u00a0 \u00a0 \u00a0 \u00a0 \u00a0 \u00a0 \u00a0 \u00a0 \u00a0 \u00a0\u00a0 Hauptfeuerwehrfrau<\/li>\n<li>Michael Jungkunz\u00a0\u00a0\u00a0\u00a0\u00a0\u00a0\u00a0\u00a0\u00a0\u00a0\u00a0\u00a0\u00a0\u00a0\u00a0\u00a0\u00a0\u00a0\u00a0\u00a0\u00a0\u00a0\u00a0\u00a0\u00a0 Hauptfeuerwehrmann<\/li>\n<li>Matthias Neubauer\u00a0\u00a0\u00a0\u00a0\u00a0\u00a0\u00a0\u00a0\u00a0\u00a0\u00a0\u00a0\u00a0\u00a0\u00a0\u00a0\u00a0\u00a0\u00a0\u00a0\u00a0\u00a0\u00a0 Hauptfeuerwehrmann<\/li>\n<li>Patrick Neubauer\u00a0\u00a0\u00a0\u00a0\u00a0\u00a0\u00a0\u00a0\u00a0\u00a0\u00a0\u00a0\u00a0\u00a0\u00a0\u00a0\u00a0\u00a0\u00a0\u00a0\u00a0\u00a0\u00a0\u00a0\u00a0\u00a0 Hauptfeuerwehrmann<\/li>\n<li>Steffen Bauersachs\u00a0\u00a0\u00a0\u00a0\u00a0\u00a0\u00a0\u00a0\u00a0\u00a0\u00a0\u00a0\u00a0\u00a0\u00a0\u00a0\u00a0\u00a0\u00a0\u00a0\u00a0 Hauptfeuerwehrmann<\/li>\n<li>Detlef M\u00f6hrle\u00a0\u00a0\u00a0\u00a0\u00a0\u00a0\u00a0\u00a0\u00a0\u00a0\u00a0\u00a0\u00a0\u00a0\u00a0\u00a0\u00a0\u00a0\u00a0\u00a0\u00a0\u00a0\u00a0\u00a0\u00a0\u00a0\u00a0\u00a0\u00a0\u00a0\u00a0\u00a0\u00a0 Hauptfeuerwehrmann<\/li>\n<li>Felix Schwabe\u00a0\u00a0\u00a0\u00a0\u00a0\u00a0\u00a0\u00a0\u00a0\u00a0\u00a0\u00a0\u00a0\u00a0\u00a0\u00a0\u00a0\u00a0\u00a0\u00a0\u00a0\u00a0\u00a0\u00a0\u00a0\u00a0\u00a0\u00a0\u00a0\u00a0\u00a0 L\u00f6schmeister<\/li>\n<li>Fabian Rebhan \u00a0\u00a0\u00a0\u00a0\u00a0\u00a0\u00a0\u00a0\u00a0\u00a0\u00a0\u00a0\u00a0\u00a0\u00a0\u00a0\u00a0\u00a0\u00a0\u00a0\u00a0\u00a0\u00a0\u00a0\u00a0\u00a0\u00a0\u00a0\u00a0 L\u00f6schmeister<\/li>\n<li>Timo Schneider\u00a0\u00a0\u00a0\u00a0\u00a0\u00a0\u00a0\u00a0\u00a0\u00a0\u00a0\u00a0\u00a0\u00a0\u00a0\u00a0\u00a0\u00a0\u00a0\u00a0\u00a0\u00a0\u00a0\u00a0\u00a0\u00a0\u00a0\u00a0\u00a0 Oberl\u00f6schmeister<\/li>\n<\/ul>\n<p>Vom Vorstand wurden folgende Vereinsmitglieder zu Ehrenmitgliedern ernannt:<\/p>\n<p>Werner Fr\u00f6ba, Gerhard Ramming sowie Roland Welscher<\/p>\n<p><a href=\"https:\/\/www.infranken.de\/regional\/artikel_fuer_gemeinden\/ein-garant-fuer-die-sicherheit;art154303,4965047\">Einen ausf\u00fchrlichen Bericht finden Sie hier&#8230;<\/a><\/p>\n","protected":false},"excerpt":{"rendered":"<p>An der Jahreshauptversammlung 2020 gaben Vorstand und Kommandant der Feuerwehr Stockheim einen R\u00fcckblick auf das Jahr 2019. Besonderer Dank galt allen Unterst\u00fctzern und Spendern, welche die Arbeit ihrer \u00f6rtlichen Feuerwehr f\u00f6rdern. Au\u00dferdem bedankte sich die F\u00fchrung bei allen Kameradinnen und Kameraden &#8211; egal in welcher Funktion &#8211; f\u00fcr die hervorragende Arbeit, die in 2019 geleistet [&hellip;]<\/p>\n","protected":false},"author":1,"featured_media":0,"comment_status":"open","ping_status":"open","sticky":false,"template":"","format":"standard","meta":{"footnotes":""},"categories":[1],"tags":[],"class_list":["post-302","post","type-post","status-publish","format-standard","hentry","category-allgemein"],"_links":{"self":[{"href":"https:\/\/fwstockheim.de\/index.php?rest_route=\/wp\/v2\/posts\/302","targetHints":{"allow":["GET"]}}],"collection":[{"href":"https:\/\/fwstockheim.de\/index.php?rest_route=\/wp\/v2\/posts"}],"about":[{"href":"https:\/\/fwstockheim.de\/index.php?rest_route=\/wp\/v2\/types\/post"}],"author":[{"embeddable":true,"href":"https:\/\/fwstockheim.de\/index.php?rest_route=\/wp\/v2\/users\/1"}],"replies":[{"embeddable":true,"href":"https:\/\/fwstockheim.de\/index.php?rest_route=%2Fwp%2Fv2%2Fcomments&post=302"}],"version-history":[{"count":3,"href":"https:\/\/fwstockheim.de\/index.php?rest_route=\/wp\/v2\/posts\/302\/revisions"}],"predecessor-version":[{"id":306,"href":"https:\/\/fwstockheim.de\/index.php?rest_route=\/wp\/v2\/posts\/302\/revisions\/306"}],"wp:attachment":[{"href":"https:\/\/fwstockheim.de\/index.php?rest_route=%2Fwp%2Fv2%2Fmedia&parent=302"}],"wp:term":[{"taxonomy":"category","embeddable":true,"href":"https:\/\/fwstockheim.de\/index.php?rest_route=%2Fwp%2Fv2%2Fcategories&post=302"},{"taxonomy":"post_tag","embeddable":true,"href":"https:\/\/fwstockheim.de\/index.php?rest_route=%2Fwp%2Fv2%2Ftags&post=302"}],"curies":[{"name":"wp","href":"https:\/\/api.w.org\/{rel}","templated":true}]}}